{"id":10165,"date":"2018-02-15T00:00:00","date_gmt":"2018-02-14T23:00:00","guid":{"rendered":"https:\/\/fpc.ms-dev.it\/news\/caterina-soffici-presenta-il-suo-libro-nessuno-puo-fermarmi\/"},"modified":"2018-02-15T00:00:00","modified_gmt":"2018-02-14T23:00:00","slug":"caterina-soffici-si-prezinta-cartea-nu-mai-poate-sa-ma-opreasca","status":"publish","type":"news","link":"https:\/\/www.fondazionepaolocresci.it\/ro\/news\/caterina-soffici-presenta-il-suo-libro-nessuno-puo-fermarmi\/","title":{"rendered":"Caterina Soffici \u00ee\u0219i prezint\u0103 cartea \"Nimeni nu m\u0103 poate opri"},"content":{"rendered":"<p>Luni, 19 februarie 2018, la ora 11.00 a.m.<br \/>\nInstitutul Superior de Educa\u021bie Aula Magna - Garfagnana<br \/>\nVia XX aprile - Castelnuovo di Garfagnana (Lucca)<\/p>\n<p>CATHERINE SOFFICI<br \/>\n\u00ee\u0219i prezint\u0103 cartea<br \/>\nNO ONE CAN STOP ME (Feltrinelli Editore)<\/p>\n<p>Introducere istoric\u0103<br \/>\nPIETRO LUIGI BIAGIONI Funda\u021bia Paolo Cresci Funda\u021bia Paolo Cresci<\/p>\n<p>Romanul \u00eencepe cu descoperirea \u00eent\u00e2mpl\u0103toare a unei scrisori care \u00eei arunc\u0103 pe<br \/>\no nou\u0103 lumin\u0103 asupra dispari\u021biei bunicului s\u0103u, despre care se crede c\u0103 ar fi murit pe front \u00een timpul celui de-al Doilea R\u0103zboi Mondial<br \/>\nr\u0103zboi mondial. Astfel \u00eencepe c\u0103utarea adev\u0103rului care \u00eel va conduce pe protagonistul<br \/>\npentru a descoperi adev\u0103rata cauz\u0103 a mor\u021bii: naufragiul vasului ARANDORA STAR, un<br \/>\nnav\u0103 \u00eenc\u0103rcat\u0103 cu interna\u021bi italieni torpilat\u0103 de germani la 2 iulie 1940. Se \u00eeneac\u0103<br \/>\n446 de civili italieni, inclusiv mul\u021bi din Garfagnana care au emigrat \u00een Marea Britanie, victime<br \/>\nnevinova\u021bi de suspiciune \u0219i xenofobie<\/p>\n<p>Vorbitori:<br \/>\nANDREA TAGLIASACCHI<br \/>\nPrimarul din Castelnuovo di Garfagnana<br \/>\nSIMONETTA VERGAMINI<br \/>\nInstitutul Superior de Educa\u021bie Garfagnana<br \/>\nALESSANDRO BIANCHINI<br \/>\nPre\u0219edintele Funda\u021biei Paolo Cresci<\/p>","protected":false},"featured_media":9951,"template":"","meta":{"_acf_changed":false,"_relevanssi_hide_post":"","_relevanssi_hide_content":"","_relevanssi_pin_for_all":"","_relevanssi_pin_keywords":"","_relevanssi_unpin_keywords":"","_relevanssi_related_keywords":"","_relevanssi_related_include_ids":"","_relevanssi_related_exclude_ids":"","_relevanssi_related_no_append":"","_relevanssi_related_not_related":"","_relevanssi_related_posts":"","_relevanssi_noindex_reason":"","site-sidebar-layout":"default","site-content-layout":"","ast-site-content-layout":"default","site-content-style":"default","site-sidebar-style":"default","ast-global-header-display":"","ast-banner-title-visibility":"","ast-main-header-display":"","ast-hfb-above-header-display":"","ast-hfb-below-header-display":"","ast-hfb-mobile-header-display":"","site-post-title":"","ast-breadcrumbs-content":"","ast-featured-img":"","footer-sml-layout":"","ast-disable-related-posts":"","theme-transparent-header-meta":"","adv-header-id-meta":"","stick-header-meta":"","header-above-stick-meta":"","header-main-stick-meta":"","header-below-stick-meta":"","astra-migrate-meta-layouts":"default","ast-page-background-enabled":"default","ast-page-background-meta":{"desktop":{"background-color":"var(--ast-global-color-4)","background-image":"","background-repeat":"repeat","background-position":"center center","background-size":"auto","background-attachment":"scroll","background-type":"","background-media":"","overlay-type":"","overlay-color":"","overlay-opacity":"","overlay-gradient":""},"tablet":{"background-color":"","background-image":"","background-repeat":"repeat","background-position":"center center","background-size":"auto","background-attachment":"scroll","background-type":"","background-media":"","overlay-type":"","overlay-color":"","overlay-opacity":"","overlay-gradient":""},"mobile":{"background-color":"","background-image":"","background-repeat":"repeat","background-position":"center center","background-size":"auto","background-attachment":"scroll","background-type":"","background-media":"","overlay-type":"","overlay-color":"","overlay-opacity":"","overlay-gradient":""}},"ast-content-background-meta":{"desktop":{"background-color":"var(--ast-global-color-5)","background-image":"","background-repeat":"repeat","background-position":"center center","background-size":"auto","background-attachment":"scroll","background-type":"","background-media":"","overlay-type":"","overlay-color":"","overlay-opacity":"","overlay-gradient":""},"tablet":{"background-color":"var(--ast-global-color-5)","background-image":"","background-repeat":"repeat","background-position":"center center","background-size":"auto","background-attachment":"scroll","background-type":"","background-media":"","overlay-type":"","overlay-color":"","overlay-opacity":"","overlay-gradient":""},"mobile":{"background-color":"var(--ast-global-color-5)","background-image":"","background-repeat":"repeat","background-position":"center center","background-size":"auto","background-attachment":"scroll","background-type":"","background-media":"","overlay-type":"","overlay-color":"","overlay-opacity":"","overlay-gradient":""}}},"class_list":["post-10165","news","type-news","status-publish","has-post-thumbnail","hentry"],"acf":[],"_links":{"self":[{"href":"https:\/\/www.fondazionepaolocresci.it\/ro\/wp-json\/wp\/v2\/news\/10165","targetHints":{"allow":["GET"]}}],"collection":[{"href":"https:\/\/www.fondazionepaolocresci.it\/ro\/wp-json\/wp\/v2\/news"}],"about":[{"href":"https:\/\/www.fondazionepaolocresci.it\/ro\/wp-json\/wp\/v2\/types\/news"}],"wp:featuredmedia":[{"embeddable":true,"href":"https:\/\/www.fondazionepaolocresci.it\/ro\/wp-json\/wp\/v2\/media\/9951"}],"wp:attachment":[{"href":"https:\/\/www.fondazionepaolocresci.it\/ro\/wp-json\/wp\/v2\/media?parent=10165"}],"curies":[{"name":"wp","href":"https:\/\/api.w.org\/{rel}","templated":true}]}}